{"id":612,"date":"2024-07-02T02:16:48","date_gmt":"2024-07-02T05:16:48","guid":{"rendered":"https:\/\/www.biamel.com.br\/?p=612"},"modified":"2024-07-02T02:16:49","modified_gmt":"2024-07-02T05:16:49","slug":"croches-marcantes-da-historia","status":"publish","type":"post","link":"https:\/\/www.biamel.com.br\/index.php\/2024\/07\/02\/croches-marcantes-da-historia\/","title":{"rendered":"Croch\u00eas marcantes da hist\u00f3ria"},"content":{"rendered":"\n<figure class=\"wp-block-image size-large\"><img loading=\"lazy\" decoding=\"async\" width=\"1024\" height=\"512\" src=\"https:\/\/www.biamel.com.br\/wp-content\/uploads\/2024\/07\/04-marcante-historia-1024x512.png\" alt=\"\" class=\"wp-image-664\" srcset=\"https:\/\/www.biamel.com.br\/wp-content\/uploads\/2024\/07\/04-marcante-historia-1024x512.png 1024w, https:\/\/www.biamel.com.br\/wp-content\/uploads\/2024\/07\/04-marcante-historia-300x150.png 300w, https:\/\/www.biamel.com.br\/wp-content\/uploads\/2024\/07\/04-marcante-historia-768x384.png 768w, https:\/\/www.biamel.com.br\/wp-content\/uploads\/2024\/07\/04-marcante-historia-1140x570.png 1140w, https:\/\/www.biamel.com.br\/wp-content\/uploads\/2024\/07\/04-marcante-historia-920x460.png 920w, https:\/\/www.biamel.com.br\/wp-content\/uploads\/2024\/07\/04-marcante-historia-575x288.png 575w, https:\/\/www.biamel.com.br\/wp-content\/uploads\/2024\/07\/04-marcante-historia-380x190.png 380w, https:\/\/www.biamel.com.br\/wp-content\/uploads\/2024\/07\/04-marcante-historia-420x210.png 420w, https:\/\/www.biamel.com.br\/wp-content\/uploads\/2024\/07\/04-marcante-historia-800x400.png 800w, https:\/\/www.biamel.com.br\/wp-content\/uploads\/2024\/07\/04-marcante-historia.png 1200w\" sizes=\"auto, (max-width: 1024px) 100vw, 1024px\" \/><\/figure>\n\n\n\n<p>Ao longo de todas essas d\u00e9cadas, alguns croch\u00eas foram marcantes devido a t\u00e9cnicas diferenciadas ou momentos hist\u00f3ricos ou, ainda, devido a popularidade.<\/p>\n\n\n\n<p><strong>Croch\u00ea Irland\u00eas<\/strong><\/p>\n\n\n\n<p>J\u00e1 contamos aqui neste blog a hist\u00f3ria do croch\u00ea e como surgiu a t\u00e9cnica irlandesa (caso tenha perdido, clique aqui para ler este artigo).<\/p>\n\n\n\n<p>Mas as produ\u00e7\u00f5es irlandesas eram muito detalhadas, trabalhadas em renda e fios extremamente finos. Logo, fizeram sucesso como adornos e vestimentas da nobreza e sacerdotes de toda a Europa.&nbsp;&nbsp;<\/p>\n\n\n\n<p><strong>Croch\u00ea grampo<\/strong><\/p>\n\n\n\n<p>Com pontos mais soltos e leves, esse modelo era \u00f3timo para vestimentas como vestidos, blusas e xales.<\/p>\n\n\n\n<p><strong>Granny square<\/strong><\/p>\n\n\n\n<p>J\u00e1 os \u201cquadrados da vov\u00f3\u201d, como ficaram conhecidos, misturavam diversos pontos e cores, os quadrados eram utilizados para roupas, colchas e almofadas. Foi extremamente popularizado devido ao movimento hippie.<\/p>\n\n\n\n<p><strong>Croch\u00ea peruano<\/strong><\/p>\n\n\n\n<p>Por fim, o croch\u00ea peruano possui pontos grandes, que formam argolas largas e s\u00e3o muito trabalhadas. Para a cria\u00e7\u00e3o, se utiliza um rolo ou cabo de madeira e \u00e9 utilizado para fazer bolsas e gorros.<\/p>\n","protected":false},"excerpt":{"rendered":"<p>Ao longo de todas essas d\u00e9cadas, alguns croch\u00eas foram marcantes devido a t\u00e9cnicas diferenciadas ou momentos hist\u00f3ricos ou, ainda, devido a popularidade. Croch\u00ea Irland\u00eas J\u00e1 contamos aqui neste blog a [&hellip;]<\/p>\n","protected":false},"author":3,"featured_media":664,"comment_status":"open","ping_status":"open","sticky":false,"template":"","format":"standard","meta":{"footnotes":""},"categories":[1],"tags":[],"class_list":["post-612","post","type-post","status-publish","format-standard","has-post-thumbnail","hentry","category-sem-categoria"],"yoast_head":"<!-- This site is optimized with the Yoast SEO plugin v27.5 - https:\/\/yoast.com\/product\/yoast-seo-wordpress\/ -->\n<title>Croch\u00eas marcantes da hist\u00f3ria - BIAMEL Croch\u00ea<\/title>\n<meta name=\"robots\" content=\"index, follow, max-snippet:-1, max-image-preview:large, max-video-preview:-1\" \/>\n<link rel=\"canonical\" href=\"https:\/\/www.biamel.com.br\/index.php\/2024\/07\/02\/croches-marcantes-da-historia\/\" \/>\n<meta property=\"og:locale\" content=\"pt_BR\" \/>\n<meta property=\"og:type\" content=\"article\" \/>\n<meta property=\"og:title\" content=\"Croch\u00eas marcantes da hist\u00f3ria - BIAMEL Croch\u00ea\" \/>\n<meta property=\"og:description\" content=\"Ao longo de todas essas d\u00e9cadas, alguns croch\u00eas foram marcantes devido a t\u00e9cnicas diferenciadas ou momentos hist\u00f3ricos ou, ainda, devido a popularidade. Croch\u00ea Irland\u00eas J\u00e1 contamos aqui neste blog a [&hellip;]\" \/>\n<meta property=\"og:url\" content=\"https:\/\/www.biamel.com.br\/index.php\/2024\/07\/02\/croches-marcantes-da-historia\/\" \/>\n<meta property=\"og:site_name\" content=\"BIAMEL Croch\u00ea\" \/>\n<meta property=\"article:published_time\" content=\"2024-07-02T05:16:48+00:00\" \/>\n<meta property=\"article:modified_time\" content=\"2024-07-02T05:16:49+00:00\" \/>\n<meta property=\"og:image\" content=\"https:\/\/www.biamel.com.br\/wp-content\/uploads\/2024\/07\/04-marcante-historia.png\" \/>\n\t<meta property=\"og:image:width\" content=\"1200\" \/>\n\t<meta property=\"og:image:height\" content=\"600\" \/>\n\t<meta property=\"og:image:type\" content=\"image\/png\" \/>\n<meta name=\"author\" content=\"Luciana de Menezes Pessini\" \/>\n<meta name=\"twitter:card\" content=\"summary_large_image\" \/>\n<meta name=\"twitter:label1\" content=\"Escrito por\" \/>\n\t<meta name=\"twitter:data1\" content=\"Luciana de Menezes Pessini\" \/>\n\t<meta name=\"twitter:label2\" content=\"Est. tempo de leitura\" \/>\n\t<meta name=\"twitter:data2\" content=\"1 minuto\" \/>\n<script type=\"application\/ld+json\" class=\"yoast-schema-graph\">{\"@context\":\"https:\\\/\\\/schema.org\",\"@graph\":[{\"@type\":\"Article\",\"@id\":\"https:\\\/\\\/www.biamel.com.br\\\/index.php\\\/2024\\\/07\\\/02\\\/croches-marcantes-da-historia\\\/#article\",\"isPartOf\":{\"@id\":\"https:\\\/\\\/www.biamel.com.br\\\/index.php\\\/2024\\\/07\\\/02\\\/croches-marcantes-da-historia\\\/\"},\"author\":{\"name\":\"Luciana de Menezes Pessini\",\"@id\":\"https:\\\/\\\/www.biamel.com.br\\\/#\\\/schema\\\/person\\\/cdd2e2f0e9e71b56f75bb8674347b75f\"},\"headline\":\"Croch\u00eas marcantes da hist\u00f3ria\",\"datePublished\":\"2024-07-02T05:16:48+00:00\",\"dateModified\":\"2024-07-02T05:16:49+00:00\",\"mainEntityOfPage\":{\"@id\":\"https:\\\/\\\/www.biamel.com.br\\\/index.php\\\/2024\\\/07\\\/02\\\/croches-marcantes-da-historia\\\/\"},\"wordCount\":181,\"commentCount\":0,\"publisher\":{\"@id\":\"https:\\\/\\\/www.biamel.com.br\\\/#organization\"},\"image\":{\"@id\":\"https:\\\/\\\/www.biamel.com.br\\\/index.php\\\/2024\\\/07\\\/02\\\/croches-marcantes-da-historia\\\/#primaryimage\"},\"thumbnailUrl\":\"https:\\\/\\\/www.biamel.com.br\\\/wp-content\\\/uploads\\\/2024\\\/07\\\/04-marcante-historia.png\",\"inLanguage\":\"pt-BR\",\"potentialAction\":[{\"@type\":\"CommentAction\",\"name\":\"Comment\",\"target\":[\"https:\\\/\\\/www.biamel.com.br\\\/index.php\\\/2024\\\/07\\\/02\\\/croches-marcantes-da-historia\\\/#respond\"]}]},{\"@type\":\"WebPage\",\"@id\":\"https:\\\/\\\/www.biamel.com.br\\\/index.php\\\/2024\\\/07\\\/02\\\/croches-marcantes-da-historia\\\/\",\"url\":\"https:\\\/\\\/www.biamel.com.br\\\/index.php\\\/2024\\\/07\\\/02\\\/croches-marcantes-da-historia\\\/\",\"name\":\"Croch\u00eas marcantes da hist\u00f3ria - BIAMEL Croch\u00ea\",\"isPartOf\":{\"@id\":\"https:\\\/\\\/www.biamel.com.br\\\/#website\"},\"primaryImageOfPage\":{\"@id\":\"https:\\\/\\\/www.biamel.com.br\\\/index.php\\\/2024\\\/07\\\/02\\\/croches-marcantes-da-historia\\\/#primaryimage\"},\"image\":{\"@id\":\"https:\\\/\\\/www.biamel.com.br\\\/index.php\\\/2024\\\/07\\\/02\\\/croches-marcantes-da-historia\\\/#primaryimage\"},\"thumbnailUrl\":\"https:\\\/\\\/www.biamel.com.br\\\/wp-content\\\/uploads\\\/2024\\\/07\\\/04-marcante-historia.png\",\"datePublished\":\"2024-07-02T05:16:48+00:00\",\"dateModified\":\"2024-07-02T05:16:49+00:00\",\"breadcrumb\":{\"@id\":\"https:\\\/\\\/www.biamel.com.br\\\/index.php\\\/2024\\\/07\\\/02\\\/croches-marcantes-da-historia\\\/#breadcrumb\"},\"inLanguage\":\"pt-BR\",\"potentialAction\":[{\"@type\":\"ReadAction\",\"target\":[\"https:\\\/\\\/www.biamel.com.br\\\/index.php\\\/2024\\\/07\\\/02\\\/croches-marcantes-da-historia\\\/\"]}]},{\"@type\":\"ImageObject\",\"inLanguage\":\"pt-BR\",\"@id\":\"https:\\\/\\\/www.biamel.com.br\\\/index.php\\\/2024\\\/07\\\/02\\\/croches-marcantes-da-historia\\\/#primaryimage\",\"url\":\"https:\\\/\\\/www.biamel.com.br\\\/wp-content\\\/uploads\\\/2024\\\/07\\\/04-marcante-historia.png\",\"contentUrl\":\"https:\\\/\\\/www.biamel.com.br\\\/wp-content\\\/uploads\\\/2024\\\/07\\\/04-marcante-historia.png\",\"width\":1200,\"height\":600},{\"@type\":\"BreadcrumbList\",\"@id\":\"https:\\\/\\\/www.biamel.com.br\\\/index.php\\\/2024\\\/07\\\/02\\\/croches-marcantes-da-historia\\\/#breadcrumb\",\"itemListElement\":[{\"@type\":\"ListItem\",\"position\":1,\"name\":\"In\u00edcio\",\"item\":\"https:\\\/\\\/www.biamel.com.br\\\/\"},{\"@type\":\"ListItem\",\"position\":2,\"name\":\"Croch\u00eas marcantes da hist\u00f3ria\"}]},{\"@type\":\"WebSite\",\"@id\":\"https:\\\/\\\/www.biamel.com.br\\\/#website\",\"url\":\"https:\\\/\\\/www.biamel.com.br\\\/\",\"name\":\"BIAMEL Croch\u00ea\",\"description\":\"Artigos em croch\u00ea\",\"publisher\":{\"@id\":\"https:\\\/\\\/www.biamel.com.br\\\/#organization\"},\"potentialAction\":[{\"@type\":\"SearchAction\",\"target\":{\"@type\":\"EntryPoint\",\"urlTemplate\":\"https:\\\/\\\/www.biamel.com.br\\\/?s={search_term_string}\"},\"query-input\":{\"@type\":\"PropertyValueSpecification\",\"valueRequired\":true,\"valueName\":\"search_term_string\"}}],\"inLanguage\":\"pt-BR\"},{\"@type\":\"Organization\",\"@id\":\"https:\\\/\\\/www.biamel.com.br\\\/#organization\",\"name\":\"BIAMEL Croch\u00ea\",\"url\":\"https:\\\/\\\/www.biamel.com.br\\\/\",\"logo\":{\"@type\":\"ImageObject\",\"inLanguage\":\"pt-BR\",\"@id\":\"https:\\\/\\\/www.biamel.com.br\\\/#\\\/schema\\\/logo\\\/image\\\/\",\"url\":\"https:\\\/\\\/www.biamel.com.br\\\/wp-content\\\/uploads\\\/2024\\\/06\\\/logo-bm-tit.png\",\"contentUrl\":\"https:\\\/\\\/www.biamel.com.br\\\/wp-content\\\/uploads\\\/2024\\\/06\\\/logo-bm-tit.png\",\"width\":1124,\"height\":231,\"caption\":\"BIAMEL Croch\u00ea\"},\"image\":{\"@id\":\"https:\\\/\\\/www.biamel.com.br\\\/#\\\/schema\\\/logo\\\/image\\\/\"}},{\"@type\":\"Person\",\"@id\":\"https:\\\/\\\/www.biamel.com.br\\\/#\\\/schema\\\/person\\\/cdd2e2f0e9e71b56f75bb8674347b75f\",\"name\":\"Luciana de Menezes Pessini\",\"image\":{\"@type\":\"ImageObject\",\"inLanguage\":\"pt-BR\",\"@id\":\"https:\\\/\\\/secure.gravatar.com\\\/avatar\\\/1ce274b63cef7185e5cd1c7e8002945fbd003db04363dfca5fc30f5cc2882537?s=96&d=mm&r=g\",\"url\":\"https:\\\/\\\/secure.gravatar.com\\\/avatar\\\/1ce274b63cef7185e5cd1c7e8002945fbd003db04363dfca5fc30f5cc2882537?s=96&d=mm&r=g\",\"contentUrl\":\"https:\\\/\\\/secure.gravatar.com\\\/avatar\\\/1ce274b63cef7185e5cd1c7e8002945fbd003db04363dfca5fc30f5cc2882537?s=96&d=mm&r=g\",\"caption\":\"Luciana de Menezes Pessini\"},\"url\":\"https:\\\/\\\/www.biamel.com.br\\\/index.php\\\/author\\\/luciana\\\/\"}]}<\/script>\n<!-- \/ Yoast SEO plugin. -->","yoast_head_json":{"title":"Croch\u00eas marcantes da hist\u00f3ria - BIAMEL Croch\u00ea","robots":{"index":"index","follow":"follow","max-snippet":"max-snippet:-1","max-image-preview":"max-image-preview:large","max-video-preview":"max-video-preview:-1"},"canonical":"https:\/\/www.biamel.com.br\/index.php\/2024\/07\/02\/croches-marcantes-da-historia\/","og_locale":"pt_BR","og_type":"article","og_title":"Croch\u00eas marcantes da hist\u00f3ria - BIAMEL Croch\u00ea","og_description":"Ao longo de todas essas d\u00e9cadas, alguns croch\u00eas foram marcantes devido a t\u00e9cnicas diferenciadas ou momentos hist\u00f3ricos ou, ainda, devido a popularidade. Croch\u00ea Irland\u00eas J\u00e1 contamos aqui neste blog a [&hellip;]","og_url":"https:\/\/www.biamel.com.br\/index.php\/2024\/07\/02\/croches-marcantes-da-historia\/","og_site_name":"BIAMEL Croch\u00ea","article_published_time":"2024-07-02T05:16:48+00:00","article_modified_time":"2024-07-02T05:16:49+00:00","og_image":[{"width":1200,"height":600,"url":"https:\/\/www.biamel.com.br\/wp-content\/uploads\/2024\/07\/04-marcante-historia.png","type":"image\/png"}],"author":"Luciana de Menezes Pessini","twitter_card":"summary_large_image","twitter_misc":{"Escrito por":"Luciana de Menezes Pessini","Est. tempo de leitura":"1 minuto"},"schema":{"@context":"https:\/\/schema.org","@graph":[{"@type":"Article","@id":"https:\/\/www.biamel.com.br\/index.php\/2024\/07\/02\/croches-marcantes-da-historia\/#article","isPartOf":{"@id":"https:\/\/www.biamel.com.br\/index.php\/2024\/07\/02\/croches-marcantes-da-historia\/"},"author":{"name":"Luciana de Menezes Pessini","@id":"https:\/\/www.biamel.com.br\/#\/schema\/person\/cdd2e2f0e9e71b56f75bb8674347b75f"},"headline":"Croch\u00eas marcantes da hist\u00f3ria","datePublished":"2024-07-02T05:16:48+00:00","dateModified":"2024-07-02T05:16:49+00:00","mainEntityOfPage":{"@id":"https:\/\/www.biamel.com.br\/index.php\/2024\/07\/02\/croches-marcantes-da-historia\/"},"wordCount":181,"commentCount":0,"publisher":{"@id":"https:\/\/www.biamel.com.br\/#organization"},"image":{"@id":"https:\/\/www.biamel.com.br\/index.php\/2024\/07\/02\/croches-marcantes-da-historia\/#primaryimage"},"thumbnailUrl":"https:\/\/www.biamel.com.br\/wp-content\/uploads\/2024\/07\/04-marcante-historia.png","inLanguage":"pt-BR","potentialAction":[{"@type":"CommentAction","name":"Comment","target":["https:\/\/www.biamel.com.br\/index.php\/2024\/07\/02\/croches-marcantes-da-historia\/#respond"]}]},{"@type":"WebPage","@id":"https:\/\/www.biamel.com.br\/index.php\/2024\/07\/02\/croches-marcantes-da-historia\/","url":"https:\/\/www.biamel.com.br\/index.php\/2024\/07\/02\/croches-marcantes-da-historia\/","name":"Croch\u00eas marcantes da hist\u00f3ria - BIAMEL Croch\u00ea","isPartOf":{"@id":"https:\/\/www.biamel.com.br\/#website"},"primaryImageOfPage":{"@id":"https:\/\/www.biamel.com.br\/index.php\/2024\/07\/02\/croches-marcantes-da-historia\/#primaryimage"},"image":{"@id":"https:\/\/www.biamel.com.br\/index.php\/2024\/07\/02\/croches-marcantes-da-historia\/#primaryimage"},"thumbnailUrl":"https:\/\/www.biamel.com.br\/wp-content\/uploads\/2024\/07\/04-marcante-historia.png","datePublished":"2024-07-02T05:16:48+00:00","dateModified":"2024-07-02T05:16:49+00:00","breadcrumb":{"@id":"https:\/\/www.biamel.com.br\/index.php\/2024\/07\/02\/croches-marcantes-da-historia\/#breadcrumb"},"inLanguage":"pt-BR","potentialAction":[{"@type":"ReadAction","target":["https:\/\/www.biamel.com.br\/index.php\/2024\/07\/02\/croches-marcantes-da-historia\/"]}]},{"@type":"ImageObject","inLanguage":"pt-BR","@id":"https:\/\/www.biamel.com.br\/index.php\/2024\/07\/02\/croches-marcantes-da-historia\/#primaryimage","url":"https:\/\/www.biamel.com.br\/wp-content\/uploads\/2024\/07\/04-marcante-historia.png","contentUrl":"https:\/\/www.biamel.com.br\/wp-content\/uploads\/2024\/07\/04-marcante-historia.png","width":1200,"height":600},{"@type":"BreadcrumbList","@id":"https:\/\/www.biamel.com.br\/index.php\/2024\/07\/02\/croches-marcantes-da-historia\/#breadcrumb","itemListElement":[{"@type":"ListItem","position":1,"name":"In\u00edcio","item":"https:\/\/www.biamel.com.br\/"},{"@type":"ListItem","position":2,"name":"Croch\u00eas marcantes da hist\u00f3ria"}]},{"@type":"WebSite","@id":"https:\/\/www.biamel.com.br\/#website","url":"https:\/\/www.biamel.com.br\/","name":"BIAMEL Croch\u00ea","description":"Artigos em croch\u00ea","publisher":{"@id":"https:\/\/www.biamel.com.br\/#organization"},"potentialAction":[{"@type":"SearchAction","target":{"@type":"EntryPoint","urlTemplate":"https:\/\/www.biamel.com.br\/?s={search_term_string}"},"query-input":{"@type":"PropertyValueSpecification","valueRequired":true,"valueName":"search_term_string"}}],"inLanguage":"pt-BR"},{"@type":"Organization","@id":"https:\/\/www.biamel.com.br\/#organization","name":"BIAMEL Croch\u00ea","url":"https:\/\/www.biamel.com.br\/","logo":{"@type":"ImageObject","inLanguage":"pt-BR","@id":"https:\/\/www.biamel.com.br\/#\/schema\/logo\/image\/","url":"https:\/\/www.biamel.com.br\/wp-content\/uploads\/2024\/06\/logo-bm-tit.png","contentUrl":"https:\/\/www.biamel.com.br\/wp-content\/uploads\/2024\/06\/logo-bm-tit.png","width":1124,"height":231,"caption":"BIAMEL Croch\u00ea"},"image":{"@id":"https:\/\/www.biamel.com.br\/#\/schema\/logo\/image\/"}},{"@type":"Person","@id":"https:\/\/www.biamel.com.br\/#\/schema\/person\/cdd2e2f0e9e71b56f75bb8674347b75f","name":"Luciana de Menezes Pessini","image":{"@type":"ImageObject","inLanguage":"pt-BR","@id":"https:\/\/secure.gravatar.com\/avatar\/1ce274b63cef7185e5cd1c7e8002945fbd003db04363dfca5fc30f5cc2882537?s=96&d=mm&r=g","url":"https:\/\/secure.gravatar.com\/avatar\/1ce274b63cef7185e5cd1c7e8002945fbd003db04363dfca5fc30f5cc2882537?s=96&d=mm&r=g","contentUrl":"https:\/\/secure.gravatar.com\/avatar\/1ce274b63cef7185e5cd1c7e8002945fbd003db04363dfca5fc30f5cc2882537?s=96&d=mm&r=g","caption":"Luciana de Menezes Pessini"},"url":"https:\/\/www.biamel.com.br\/index.php\/author\/luciana\/"}]}},"_links":{"self":[{"href":"https:\/\/www.biamel.com.br\/index.php\/wp-json\/wp\/v2\/posts\/612","targetHints":{"allow":["GET"]}}],"collection":[{"href":"https:\/\/www.biamel.com.br\/index.php\/wp-json\/wp\/v2\/posts"}],"about":[{"href":"https:\/\/www.biamel.com.br\/index.php\/wp-json\/wp\/v2\/types\/post"}],"author":[{"embeddable":true,"href":"https:\/\/www.biamel.com.br\/index.php\/wp-json\/wp\/v2\/users\/3"}],"replies":[{"embeddable":true,"href":"https:\/\/www.biamel.com.br\/index.php\/wp-json\/wp\/v2\/comments?post=612"}],"version-history":[{"count":2,"href":"https:\/\/www.biamel.com.br\/index.php\/wp-json\/wp\/v2\/posts\/612\/revisions"}],"predecessor-version":[{"id":666,"href":"https:\/\/www.biamel.com.br\/index.php\/wp-json\/wp\/v2\/posts\/612\/revisions\/666"}],"wp:featuredmedia":[{"embeddable":true,"href":"https:\/\/www.biamel.com.br\/index.php\/wp-json\/wp\/v2\/media\/664"}],"wp:attachment":[{"href":"https:\/\/www.biamel.com.br\/index.php\/wp-json\/wp\/v2\/media?parent=612"}],"wp:term":[{"taxonomy":"category","embeddable":true,"href":"https:\/\/www.biamel.com.br\/index.php\/wp-json\/wp\/v2\/categories?post=612"},{"taxonomy":"post_tag","embeddable":true,"href":"https:\/\/www.biamel.com.br\/index.php\/wp-json\/wp\/v2\/tags?post=612"}],"curies":[{"name":"wp","href":"https:\/\/api.w.org\/{rel}","templated":true}]}}